{"id":71,"count":4,"description":"","link":"https:\/\/www.albertekstil.com.tr\/?cat=71","name":"Denizli Alber Tekstil","slug":"denizli-alber-tekstil","taxonomy":"category","parent":0,"meta":[],"yoast_head":"<!-- This site is optimized with the Yoast SEO plugin v19.14 - https:\/\/yoast.com\/wordpress\/plugins\/seo\/ -->\n<title>Denizli Alber Tekstil ar\u015fivleri - Denizli Alber Tekstil<\/title>\n<meta name=\"robots\" content=\"noindex, follow\" \/>\n<meta property=\"og:locale\" content=\"tr_TR\" \/>\n<meta property=\"og:type\" content=\"article\" \/>\n<meta property=\"og:title\" content=\"Denizli Alber Tekstil ar\u015fivleri - Denizli Alber Tekstil\" \/>\n<meta property=\"og:url\" content=\"https:\/\/www.albertekstil.com.tr\/?cat=71\" \/>\n<meta property=\"og:site_name\" content=\"Denizli Alber Tekstil\" \/>\n<meta name=\"twitter:card\" content=\"summary_large_image\" \/>\n<script type=\"application\/ld+json\" class=\"yoast-schema-graph\">{\"@context\":\"https:\/\/schema.org\",\"@graph\":[{\"@type\":\"CollectionPage\",\"@id\":\"https:\/\/www.albertekstil.com.tr\/?cat=71\",\"url\":\"https:\/\/www.albertekstil.com.tr\/?cat=71\",\"name\":\"Denizli Alber Tekstil ar\u015fivleri - Denizli Alber Tekstil\",\"isPartOf\":{\"@id\":\"https:\/\/www.albertekstil.com.tr\/#website\"},\"breadcrumb\":{\"@id\":\"https:\/\/www.albertekstil.com.tr\/?cat=71#breadcrumb\"},\"inLanguage\":\"tr\"},{\"@type\":\"BreadcrumbList\",\"@id\":\"https:\/\/www.albertekstil.com.tr\/?cat=71#breadcrumb\",\"itemListElement\":[{\"@type\":\"ListItem\",\"position\":1,\"name\":\"Anasayfa\",\"item\":\"https:\/\/www.albertekstil.com.tr\/\"},{\"@type\":\"ListItem\",\"position\":2,\"name\":\"Denizli Alber Tekstil\"}]},{\"@type\":\"WebSite\",\"@id\":\"https:\/\/www.albertekstil.com.tr\/#website\",\"url\":\"https:\/\/www.albertekstil.com.tr\/\",\"name\":\"Denizli Alber Tekstil\",\"description\":\"\u00dcretimde m\u00fckemmellik ve yenilik\u00e7ilik\",\"publisher\":{\"@id\":\"https:\/\/www.albertekstil.com.tr\/#organization\"},\"potentialAction\":[{\"@type\":\"SearchAction\",\"target\":{\"@type\":\"EntryPoint\",\"urlTemplate\":\"https:\/\/www.albertekstil.com.tr\/?s={search_term_string}\"},\"query-input\":\"required name=search_term_string\"}],\"inLanguage\":\"tr\"},{\"@type\":\"Organization\",\"@id\":\"https:\/\/www.albertekstil.com.tr\/#organization\",\"name\":\"Denizli Alber Tekstil\",\"url\":\"https:\/\/www.albertekstil.com.tr\/\",\"logo\":{\"@type\":\"ImageObject\",\"inLanguage\":\"tr\",\"@id\":\"https:\/\/www.albertekstil.com.tr\/#\/schema\/logo\/image\/\",\"url\":\"https:\/\/www.albertekstil.com.tr\/wp-content\/uploads\/2022\/12\/387x141-Alber-Logo.png\",\"contentUrl\":\"https:\/\/www.albertekstil.com.tr\/wp-content\/uploads\/2022\/12\/387x141-Alber-Logo.png\",\"width\":387,\"height\":141,\"caption\":\"Denizli Alber Tekstil\"},\"image\":{\"@id\":\"https:\/\/www.albertekstil.com.tr\/#\/schema\/logo\/image\/\"},\"sameAs\":[\"https:\/\/www.instagram.com\/albertekstil\/\"]}]}<\/script>\n<!-- \/ Yoast SEO plugin. -->","yoast_head_json":{"title":"Denizli Alber Tekstil ar\u015fivleri - Denizli Alber Tekstil","robots":{"index":"noindex","follow":"follow"},"og_locale":"tr_TR","og_type":"article","og_title":"Denizli Alber Tekstil ar\u015fivleri - Denizli Alber Tekstil","og_url":"https:\/\/www.albertekstil.com.tr\/?cat=71","og_site_name":"Denizli Alber Tekstil","twitter_card":"summary_large_image","schema":{"@context":"https:\/\/schema.org","@graph":[{"@type":"CollectionPage","@id":"https:\/\/www.albertekstil.com.tr\/?cat=71","url":"https:\/\/www.albertekstil.com.tr\/?cat=71","name":"Denizli Alber Tekstil ar\u015fivleri - Denizli Alber Tekstil","isPartOf":{"@id":"https:\/\/www.albertekstil.com.tr\/#website"},"breadcrumb":{"@id":"https:\/\/www.albertekstil.com.tr\/?cat=71#breadcrumb"},"inLanguage":"tr"},{"@type":"BreadcrumbList","@id":"https:\/\/www.albertekstil.com.tr\/?cat=71#breadcrumb","itemListElement":[{"@type":"ListItem","position":1,"name":"Anasayfa","item":"https:\/\/www.albertekstil.com.tr\/"},{"@type":"ListItem","position":2,"name":"Denizli Alber Tekstil"}]},{"@type":"WebSite","@id":"https:\/\/www.albertekstil.com.tr\/#website","url":"https:\/\/www.albertekstil.com.tr\/","name":"Denizli Alber Tekstil","description":"\u00dcretimde m\u00fckemmellik ve yenilik\u00e7ilik","publisher":{"@id":"https:\/\/www.albertekstil.com.tr\/#organization"},"potentialAction":[{"@type":"SearchAction","target":{"@type":"EntryPoint","urlTemplate":"https:\/\/www.albertekstil.com.tr\/?s={search_term_string}"},"query-input":"required name=search_term_string"}],"inLanguage":"tr"},{"@type":"Organization","@id":"https:\/\/www.albertekstil.com.tr\/#organization","name":"Denizli Alber Tekstil","url":"https:\/\/www.albertekstil.com.tr\/","logo":{"@type":"ImageObject","inLanguage":"tr","@id":"https:\/\/www.albertekstil.com.tr\/#\/schema\/logo\/image\/","url":"https:\/\/www.albertekstil.com.tr\/wp-content\/uploads\/2022\/12\/387x141-Alber-Logo.png","contentUrl":"https:\/\/www.albertekstil.com.tr\/wp-content\/uploads\/2022\/12\/387x141-Alber-Logo.png","width":387,"height":141,"caption":"Denizli Alber Tekstil"},"image":{"@id":"https:\/\/www.albertekstil.com.tr\/#\/schema\/logo\/image\/"},"sameAs":["https:\/\/www.instagram.com\/albertekstil\/"]}]}},"_links":{"self":[{"href":"https:\/\/www.albertekstil.com.tr\/index.php?rest_route=\/wp\/v2\/categories\/71","targetHints":{"allow":["GET"]}}],"collection":[{"href":"https:\/\/www.albertekstil.com.tr\/index.php?rest_route=\/wp\/v2\/categories"}],"about":[{"href":"https:\/\/www.albertekstil.com.tr\/index.php?rest_route=\/wp\/v2\/taxonomies\/category"}],"wp:post_type":[{"href":"https:\/\/www.albertekstil.com.tr\/index.php?rest_route=%2Fwp%2Fv2%2Fposts&categories=71"}],"curies":[{"name":"wp","href":"https:\/\/api.w.org\/{rel}","templated":true}]}}