{"id":2047,"date":"2023-01-20T18:54:12","date_gmt":"2023-01-20T15:54:12","guid":{"rendered":"https:\/\/www.albertekstil.com.tr\/?p=2047"},"modified":"2023-01-22T01:22:34","modified_gmt":"2023-01-21T22:22:34","slug":"oeko-tex","status":"publish","type":"post","link":"https:\/\/www.albertekstil.com.tr\/?p=2047&lang=en","title":{"rendered":"OEKO-TEX\u00ae"},"content":{"rendered":"<p>Denizli Alber Tekstil, as a leading textile manufacturer, has the OEKO-TEX\u00ae certificate to make production sensitive to the environment and human health. OEKO-TEX\u00ae certification guarantees that our products are produced in a way that does not harm human health and the environment.<\/p>\n<p>OEKO-TEX\u00ae is a certification program used to check the absence of harmful substances in textiles. This program controls every step from the raw materials to the production stage of the products to guarantee the absence of harmful substances in the textile products. During the certification process, our products are tested according to certain standards and the absence of harmful substances is checked.<\/p>\n<p>OEKO-TEX\u00ae certification guarantees that our products will not endanger human health and the environment. Thus, our customers can use our products comfortably and safely. As Alber Tekstil, we always prioritize customer satisfaction and work to contribute to the development of a sustainable textile industry.<\/p>\n","protected":false},"excerpt":{"rendered":"<p>Denizli Alber Tekstil, as a leading textile manufacturer, has the OEKO-TEX\u00ae certificate to make production sensitive to the environment and human health. OEKO-TEX\u00ae certification guarantees that our products are produced in a way that does not harm human health and the environment.<\/p>\n","protected":false},"author":1,"featured_media":2066,"comment_status":"closed","ping_status":"closed","sticky":false,"template":"","format":"standard","meta":{"footnotes":""},"categories":[73],"tags":[],"class_list":["post-2047","post","type-post","status-publish","format-standard","has-post-thumbnail","hentry","category-denizli-alber-textile","category-73","description-off"],"yoast_head":"<!-- This site is optimized with the Yoast SEO plugin v19.14 - https:\/\/yoast.com\/wordpress\/plugins\/seo\/ -->\n<title>OEKO-TEX\u00ae - Denizli Alber Tekstil<\/title>\n<meta name=\"robots\" content=\"noindex, follow\" \/>\n<meta property=\"og:locale\" content=\"tr_TR\" \/>\n<meta property=\"og:type\" content=\"article\" \/>\n<meta property=\"og:title\" content=\"OEKO-TEX\u00ae - Denizli Alber Tekstil\" \/>\n<meta property=\"og:description\" content=\"Denizli Alber Tekstil, as a leading textile manufacturer, has the OEKO-TEX\u00ae certificate to make production sensitive to the environment and human health. OEKO-TEX\u00ae certification guarantees that our products are produced in a way that does not harm human health and the environment.\" \/>\n<meta property=\"og:url\" content=\"https:\/\/www.albertekstil.com.tr\/?p=2047&amp;lang=en\" \/>\n<meta property=\"og:site_name\" content=\"Denizli Alber Tekstil\" \/>\n<meta property=\"article:published_time\" content=\"2023-01-20T15:54:12+00:00\" \/>\n<meta property=\"article:modified_time\" content=\"2023-01-21T22:22:34+00:00\" \/>\n<meta property=\"og:image\" content=\"https:\/\/www.albertekstil.com.tr\/wp-content\/uploads\/2023\/01\/Oeko-Tex.jpg\" \/>\n\t<meta property=\"og:image:width\" content=\"1280\" \/>\n\t<meta property=\"og:image:height\" content=\"813\" \/>\n\t<meta property=\"og:image:type\" content=\"image\/jpeg\" \/>\n<meta name=\"author\" content=\"alb.ertek.\" \/>\n<meta name=\"twitter:card\" content=\"summary_large_image\" \/>\n<meta name=\"twitter:label1\" content=\"Yazan:\" \/>\n\t<meta name=\"twitter:data1\" content=\"alb.ertek.\" \/>\n\t<meta name=\"twitter:label2\" content=\"Tahmini okuma s\u00fcresi\" \/>\n\t<meta name=\"twitter:data2\" content=\"1 dakika\" \/>\n<script type=\"application\/ld+json\" class=\"yoast-schema-graph\">{\"@context\":\"https:\/\/schema.org\",\"@graph\":[{\"@type\":\"Article\",\"@id\":\"https:\/\/www.albertekstil.com.tr\/?p=2047&lang=en#article\",\"isPartOf\":{\"@id\":\"https:\/\/www.albertekstil.com.tr\/?p=2047&lang=en\"},\"author\":{\"name\":\"alb.ertek.\",\"@id\":\"https:\/\/www.albertekstil.com.tr\/#\/schema\/person\/9d04a3d9a3a511a770f122ca7fa413e8\"},\"headline\":\"OEKO-TEX\u00ae\",\"datePublished\":\"2023-01-20T15:54:12+00:00\",\"dateModified\":\"2023-01-21T22:22:34+00:00\",\"mainEntityOfPage\":{\"@id\":\"https:\/\/www.albertekstil.com.tr\/?p=2047&lang=en\"},\"wordCount\":149,\"publisher\":{\"@id\":\"https:\/\/www.albertekstil.com.tr\/#organization\"},\"articleSection\":[\"Denizli Alber Textile\"],\"inLanguage\":\"tr\"},{\"@type\":\"WebPage\",\"@id\":\"https:\/\/www.albertekstil.com.tr\/?p=2047&lang=en\",\"url\":\"https:\/\/www.albertekstil.com.tr\/?p=2047&lang=en\",\"name\":\"OEKO-TEX\u00ae - Denizli Alber Tekstil\",\"isPartOf\":{\"@id\":\"https:\/\/www.albertekstil.com.tr\/#website\"},\"datePublished\":\"2023-01-20T15:54:12+00:00\",\"dateModified\":\"2023-01-21T22:22:34+00:00\",\"breadcrumb\":{\"@id\":\"https:\/\/www.albertekstil.com.tr\/?p=2047&lang=en#breadcrumb\"},\"inLanguage\":\"tr\",\"potentialAction\":[{\"@type\":\"ReadAction\",\"target\":[\"https:\/\/www.albertekstil.com.tr\/?p=2047&lang=en\"]}]},{\"@type\":\"BreadcrumbList\",\"@id\":\"https:\/\/www.albertekstil.com.tr\/?p=2047&lang=en#breadcrumb\",\"itemListElement\":[{\"@type\":\"ListItem\",\"position\":1,\"name\":\"Anasayfa\",\"item\":\"https:\/\/www.albertekstil.com.tr\/\"},{\"@type\":\"ListItem\",\"position\":2,\"name\":\"OEKO-TEX\u00ae\"}]},{\"@type\":\"WebSite\",\"@id\":\"https:\/\/www.albertekstil.com.tr\/#website\",\"url\":\"https:\/\/www.albertekstil.com.tr\/\",\"name\":\"Denizli Alber Tekstil\",\"description\":\"\u00dcretimde m\u00fckemmellik ve yenilik\u00e7ilik\",\"publisher\":{\"@id\":\"https:\/\/www.albertekstil.com.tr\/#organization\"},\"potentialAction\":[{\"@type\":\"SearchAction\",\"target\":{\"@type\":\"EntryPoint\",\"urlTemplate\":\"https:\/\/www.albertekstil.com.tr\/?s={search_term_string}\"},\"query-input\":\"required name=search_term_string\"}],\"inLanguage\":\"tr\"},{\"@type\":\"Organization\",\"@id\":\"https:\/\/www.albertekstil.com.tr\/#organization\",\"name\":\"Denizli Alber Tekstil\",\"url\":\"https:\/\/www.albertekstil.com.tr\/\",\"logo\":{\"@type\":\"ImageObject\",\"inLanguage\":\"tr\",\"@id\":\"https:\/\/www.albertekstil.com.tr\/#\/schema\/logo\/image\/\",\"url\":\"https:\/\/www.albertekstil.com.tr\/wp-content\/uploads\/2022\/12\/387x141-Alber-Logo.png\",\"contentUrl\":\"https:\/\/www.albertekstil.com.tr\/wp-content\/uploads\/2022\/12\/387x141-Alber-Logo.png\",\"width\":387,\"height\":141,\"caption\":\"Denizli Alber Tekstil\"},\"image\":{\"@id\":\"https:\/\/www.albertekstil.com.tr\/#\/schema\/logo\/image\/\"},\"sameAs\":[\"https:\/\/www.instagram.com\/albertekstil\/\"]},{\"@type\":\"Person\",\"@id\":\"https:\/\/www.albertekstil.com.tr\/#\/schema\/person\/9d04a3d9a3a511a770f122ca7fa413e8\",\"name\":\"alb.ertek.\",\"image\":{\"@type\":\"ImageObject\",\"inLanguage\":\"tr\",\"@id\":\"https:\/\/www.albertekstil.com.tr\/#\/schema\/person\/image\/\",\"url\":\"https:\/\/secure.gravatar.com\/avatar\/c11e283c8041a9be8993bc12bafbcf6fdd379750011071147d2f3511fd8d9825?s=96&d=mm&r=g\",\"contentUrl\":\"https:\/\/secure.gravatar.com\/avatar\/c11e283c8041a9be8993bc12bafbcf6fdd379750011071147d2f3511fd8d9825?s=96&d=mm&r=g\",\"caption\":\"alb.ertek.\"},\"sameAs\":[\"https:\/\/www.albertekstil.com.tr\"]}]}<\/script>\n<!-- \/ Yoast SEO plugin. -->","yoast_head_json":{"title":"OEKO-TEX\u00ae - Denizli Alber Tekstil","robots":{"index":"noindex","follow":"follow"},"og_locale":"tr_TR","og_type":"article","og_title":"OEKO-TEX\u00ae - Denizli Alber Tekstil","og_description":"Denizli Alber Tekstil, as a leading textile manufacturer, has the OEKO-TEX\u00ae certificate to make production sensitive to the environment and human health. OEKO-TEX\u00ae certification guarantees that our products are produced in a way that does not harm human health and the environment.","og_url":"https:\/\/www.albertekstil.com.tr\/?p=2047&lang=en","og_site_name":"Denizli Alber Tekstil","article_published_time":"2023-01-20T15:54:12+00:00","article_modified_time":"2023-01-21T22:22:34+00:00","og_image":[{"width":1280,"height":813,"url":"https:\/\/www.albertekstil.com.tr\/wp-content\/uploads\/2023\/01\/Oeko-Tex.jpg","type":"image\/jpeg"}],"author":"alb.ertek.","twitter_card":"summary_large_image","twitter_misc":{"Yazan:":"alb.ertek.","Tahmini okuma s\u00fcresi":"1 dakika"},"schema":{"@context":"https:\/\/schema.org","@graph":[{"@type":"Article","@id":"https:\/\/www.albertekstil.com.tr\/?p=2047&lang=en#article","isPartOf":{"@id":"https:\/\/www.albertekstil.com.tr\/?p=2047&lang=en"},"author":{"name":"alb.ertek.","@id":"https:\/\/www.albertekstil.com.tr\/#\/schema\/person\/9d04a3d9a3a511a770f122ca7fa413e8"},"headline":"OEKO-TEX\u00ae","datePublished":"2023-01-20T15:54:12+00:00","dateModified":"2023-01-21T22:22:34+00:00","mainEntityOfPage":{"@id":"https:\/\/www.albertekstil.com.tr\/?p=2047&lang=en"},"wordCount":149,"publisher":{"@id":"https:\/\/www.albertekstil.com.tr\/#organization"},"articleSection":["Denizli Alber Textile"],"inLanguage":"tr"},{"@type":"WebPage","@id":"https:\/\/www.albertekstil.com.tr\/?p=2047&lang=en","url":"https:\/\/www.albertekstil.com.tr\/?p=2047&lang=en","name":"OEKO-TEX\u00ae - Denizli Alber Tekstil","isPartOf":{"@id":"https:\/\/www.albertekstil.com.tr\/#website"},"datePublished":"2023-01-20T15:54:12+00:00","dateModified":"2023-01-21T22:22:34+00:00","breadcrumb":{"@id":"https:\/\/www.albertekstil.com.tr\/?p=2047&lang=en#breadcrumb"},"inLanguage":"tr","potentialAction":[{"@type":"ReadAction","target":["https:\/\/www.albertekstil.com.tr\/?p=2047&lang=en"]}]},{"@type":"BreadcrumbList","@id":"https:\/\/www.albertekstil.com.tr\/?p=2047&lang=en#breadcrumb","itemListElement":[{"@type":"ListItem","position":1,"name":"Anasayfa","item":"https:\/\/www.albertekstil.com.tr\/"},{"@type":"ListItem","position":2,"name":"OEKO-TEX\u00ae"}]},{"@type":"WebSite","@id":"https:\/\/www.albertekstil.com.tr\/#website","url":"https:\/\/www.albertekstil.com.tr\/","name":"Denizli Alber Tekstil","description":"\u00dcretimde m\u00fckemmellik ve yenilik\u00e7ilik","publisher":{"@id":"https:\/\/www.albertekstil.com.tr\/#organization"},"potentialAction":[{"@type":"SearchAction","target":{"@type":"EntryPoint","urlTemplate":"https:\/\/www.albertekstil.com.tr\/?s={search_term_string}"},"query-input":"required name=search_term_string"}],"inLanguage":"tr"},{"@type":"Organization","@id":"https:\/\/www.albertekstil.com.tr\/#organization","name":"Denizli Alber Tekstil","url":"https:\/\/www.albertekstil.com.tr\/","logo":{"@type":"ImageObject","inLanguage":"tr","@id":"https:\/\/www.albertekstil.com.tr\/#\/schema\/logo\/image\/","url":"https:\/\/www.albertekstil.com.tr\/wp-content\/uploads\/2022\/12\/387x141-Alber-Logo.png","contentUrl":"https:\/\/www.albertekstil.com.tr\/wp-content\/uploads\/2022\/12\/387x141-Alber-Logo.png","width":387,"height":141,"caption":"Denizli Alber Tekstil"},"image":{"@id":"https:\/\/www.albertekstil.com.tr\/#\/schema\/logo\/image\/"},"sameAs":["https:\/\/www.instagram.com\/albertekstil\/"]},{"@type":"Person","@id":"https:\/\/www.albertekstil.com.tr\/#\/schema\/person\/9d04a3d9a3a511a770f122ca7fa413e8","name":"alb.ertek.","image":{"@type":"ImageObject","inLanguage":"tr","@id":"https:\/\/www.albertekstil.com.tr\/#\/schema\/person\/image\/","url":"https:\/\/secure.gravatar.com\/avatar\/c11e283c8041a9be8993bc12bafbcf6fdd379750011071147d2f3511fd8d9825?s=96&d=mm&r=g","contentUrl":"https:\/\/secure.gravatar.com\/avatar\/c11e283c8041a9be8993bc12bafbcf6fdd379750011071147d2f3511fd8d9825?s=96&d=mm&r=g","caption":"alb.ertek."},"sameAs":["https:\/\/www.albertekstil.com.tr"]}]}},"_links":{"self":[{"href":"https:\/\/www.albertekstil.com.tr\/index.php?rest_route=\/wp\/v2\/posts\/2047","targetHints":{"allow":["GET"]}}],"collection":[{"href":"https:\/\/www.albertekstil.com.tr\/index.php?rest_route=\/wp\/v2\/posts"}],"about":[{"href":"https:\/\/www.albertekstil.com.tr\/index.php?rest_route=\/wp\/v2\/types\/post"}],"author":[{"embeddable":true,"href":"https:\/\/www.albertekstil.com.tr\/index.php?rest_route=\/wp\/v2\/users\/1"}],"replies":[{"embeddable":true,"href":"https:\/\/www.albertekstil.com.tr\/index.php?rest_route=%2Fwp%2Fv2%2Fcomments&post=2047"}],"version-history":[{"count":1,"href":"https:\/\/www.albertekstil.com.tr\/index.php?rest_route=\/wp\/v2\/posts\/2047\/revisions"}],"predecessor-version":[{"id":2048,"href":"https:\/\/www.albertekstil.com.tr\/index.php?rest_route=\/wp\/v2\/posts\/2047\/revisions\/2048"}],"wp:featuredmedia":[{"embeddable":true,"href":"https:\/\/www.albertekstil.com.tr\/index.php?rest_route=\/wp\/v2\/media\/2066"}],"wp:attachment":[{"href":"https:\/\/www.albertekstil.com.tr\/index.php?rest_route=%2Fwp%2Fv2%2Fmedia&parent=2047"}],"wp:term":[{"taxonomy":"category","embeddable":true,"href":"https:\/\/www.albertekstil.com.tr\/index.php?rest_route=%2Fwp%2Fv2%2Fcategories&post=2047"},{"taxonomy":"post_tag","embeddable":true,"href":"https:\/\/www.albertekstil.com.tr\/index.php?rest_route=%2Fwp%2Fv2%2Ftags&post=2047"}],"curies":[{"name":"wp","href":"https:\/\/api.w.org\/{rel}","templated":true}]}}