{"id":283,"date":"2023-01-20T17:03:21","date_gmt":"2023-01-20T14:03:21","guid":{"rendered":"https:\/\/the7.io\/yoga\/?p=283"},"modified":"2023-01-22T01:21:51","modified_gmt":"2023-01-21T22:21:51","slug":"oeko-tex-2","status":"publish","type":"post","link":"https:\/\/www.albertekstil.com.tr\/?p=283","title":{"rendered":"OEKO-TEX\u00ae"},"content":{"rendered":"<p>Denizli Alber Tekstil, \u00f6nc\u00fc bir tekstil \u00fcreticisi olarak \u00e7evre ve insan sa\u011fl\u0131\u011f\u0131na duyarl\u0131 \u00fcretim yapmak i\u00e7in OEKO-TEX\u00ae sertifikas\u0131na sahiptir. OEKO-TEX\u00ae sertifikas\u0131, \u00fcr\u00fcnlerimizin insan sa\u011fl\u0131\u011f\u0131na ve \u00e7evreye zarar vermeyecek \u015fekilde \u00fcretildi\u011fini garanti etmektedir.<\/p>\n<p>OEKO-TEX\u00ae, tekstil \u00fcr\u00fcnlerinin i\u00e7erisinde zararl\u0131 maddeler bulunmamas\u0131n\u0131 kontrol etmek i\u00e7in kullan\u0131lan bir sertifika program\u0131d\u0131r. Bu program, tekstil \u00fcr\u00fcnlerinde zararl\u0131 maddelerin bulunmamas\u0131n\u0131 garanti etmek i\u00e7in hammaddelerden \u00fcr\u00fcnlerin \u00fcretim a\u015famas\u0131na kadar her ad\u0131m\u0131 kontrol eder. Sertifikaland\u0131rma s\u00fcrecinde, \u00fcr\u00fcnlerimiz baz\u0131 standartlara g\u00f6re test edilir ve zararl\u0131 maddelerin bulunmamas\u0131 kontrol edilir.<\/p>\n<p>OEKO-TEX\u00ae sertifikas\u0131, \u00fcr\u00fcnlerimizin insan sa\u011fl\u0131\u011f\u0131n\u0131 ve \u00e7evreyi tehlikeye atmayaca\u011f\u0131n\u0131 garanti etmektedir. B\u00f6ylece m\u00fc\u015fterilerimiz, \u00fcr\u00fcnlerimizi rahat ve g\u00fcvenle kullanabilirler. Alber Tekstil olarak, m\u00fc\u015fteri memnuniyetini her zaman \u00f6n planda tutuyor ve s\u00fcrd\u00fcr\u00fclebilir bir tekstil sekt\u00f6r\u00fcn\u00fcn geli\u015fmesine katk\u0131da bulunmak i\u00e7in \u00e7al\u0131\u015f\u0131yoruz.<\/p>\n","protected":false},"excerpt":{"rendered":"<p>Denizli Alber Tekstil, \u00f6nc\u00fc bir tekstil \u00fcreticisi olarak \u00e7evre ve insan sa\u011fl\u0131\u011f\u0131na duyarl\u0131 \u00fcretim yapmak i\u00e7in OEKO-TEX\u00ae sertifikas\u0131na sahiptir. OEKO-TEX\u00ae sertifikas\u0131, \u00fcr\u00fcnlerimizin insan sa\u011fl\u0131\u011f\u0131na ve \u00e7evreye zarar vermeyecek \u015fekilde \u00fcretildi\u011fini garanti etmektedir.<\/p>\n","protected":false},"author":1,"featured_media":2066,"comment_status":"closed","ping_status":"closed","sticky":false,"template":"","format":"standard","meta":{"footnotes":""},"categories":[71],"tags":[],"class_list":["post-283","post","type-post","status-publish","format-standard","has-post-thumbnail","hentry","category-denizli-alber-tekstil","category-71","description-off"],"yoast_head":"<!-- This site is optimized with the Yoast SEO plugin v19.14 - https:\/\/yoast.com\/wordpress\/plugins\/seo\/ -->\n<title>OEKO-TEX\u00ae - Denizli Alber Tekstil<\/title>\n<meta name=\"robots\" content=\"noindex, follow\" \/>\n<meta property=\"og:locale\" content=\"tr_TR\" \/>\n<meta property=\"og:type\" content=\"article\" \/>\n<meta property=\"og:title\" content=\"OEKO-TEX\u00ae - Denizli Alber Tekstil\" \/>\n<meta property=\"og:description\" content=\"Denizli Alber Tekstil, \u00f6nc\u00fc bir tekstil \u00fcreticisi olarak \u00e7evre ve insan sa\u011fl\u0131\u011f\u0131na duyarl\u0131 \u00fcretim yapmak i\u00e7in OEKO-TEX\u00ae sertifikas\u0131na sahiptir. OEKO-TEX\u00ae sertifikas\u0131, \u00fcr\u00fcnlerimizin insan sa\u011fl\u0131\u011f\u0131na ve \u00e7evreye zarar vermeyecek \u015fekilde \u00fcretildi\u011fini garanti etmektedir.\" \/>\n<meta property=\"og:url\" content=\"https:\/\/www.albertekstil.com.tr\/?p=283\" \/>\n<meta property=\"og:site_name\" content=\"Denizli Alber Tekstil\" \/>\n<meta property=\"article:published_time\" content=\"2023-01-20T14:03:21+00:00\" \/>\n<meta property=\"article:modified_time\" content=\"2023-01-21T22:21:51+00:00\" \/>\n<meta property=\"og:image\" content=\"https:\/\/www.albertekstil.com.tr\/wp-content\/uploads\/2023\/01\/Oeko-Tex.jpg\" \/>\n\t<meta property=\"og:image:width\" content=\"1280\" \/>\n\t<meta property=\"og:image:height\" content=\"813\" \/>\n\t<meta property=\"og:image:type\" content=\"image\/jpeg\" \/>\n<meta name=\"author\" content=\"alb.ertek.\" \/>\n<meta name=\"twitter:card\" content=\"summary_large_image\" \/>\n<meta name=\"twitter:label1\" content=\"Yazan:\" \/>\n\t<meta name=\"twitter:data1\" content=\"alb.ertek.\" \/>\n\t<meta name=\"twitter:label2\" content=\"Tahmini okuma s\u00fcresi\" \/>\n\t<meta name=\"twitter:data2\" content=\"1 dakika\" \/>\n<script type=\"application\/ld+json\" class=\"yoast-schema-graph\">{\"@context\":\"https:\/\/schema.org\",\"@graph\":[{\"@type\":\"Article\",\"@id\":\"https:\/\/www.albertekstil.com.tr\/?p=283#article\",\"isPartOf\":{\"@id\":\"https:\/\/www.albertekstil.com.tr\/?p=283\"},\"author\":{\"name\":\"alb.ertek.\",\"@id\":\"https:\/\/www.albertekstil.com.tr\/#\/schema\/person\/9d04a3d9a3a511a770f122ca7fa413e8\"},\"headline\":\"OEKO-TEX\u00ae\",\"datePublished\":\"2023-01-20T14:03:21+00:00\",\"dateModified\":\"2023-01-21T22:21:51+00:00\",\"mainEntityOfPage\":{\"@id\":\"https:\/\/www.albertekstil.com.tr\/?p=283\"},\"wordCount\":163,\"publisher\":{\"@id\":\"https:\/\/www.albertekstil.com.tr\/#organization\"},\"articleSection\":[\"Denizli Alber Tekstil\"],\"inLanguage\":\"tr\"},{\"@type\":\"WebPage\",\"@id\":\"https:\/\/www.albertekstil.com.tr\/?p=283\",\"url\":\"https:\/\/www.albertekstil.com.tr\/?p=283\",\"name\":\"OEKO-TEX\u00ae - Denizli Alber Tekstil\",\"isPartOf\":{\"@id\":\"https:\/\/www.albertekstil.com.tr\/#website\"},\"datePublished\":\"2023-01-20T14:03:21+00:00\",\"dateModified\":\"2023-01-21T22:21:51+00:00\",\"breadcrumb\":{\"@id\":\"https:\/\/www.albertekstil.com.tr\/?p=283#breadcrumb\"},\"inLanguage\":\"tr\",\"potentialAction\":[{\"@type\":\"ReadAction\",\"target\":[\"https:\/\/www.albertekstil.com.tr\/?p=283\"]}]},{\"@type\":\"BreadcrumbList\",\"@id\":\"https:\/\/www.albertekstil.com.tr\/?p=283#breadcrumb\",\"itemListElement\":[{\"@type\":\"ListItem\",\"position\":1,\"name\":\"Anasayfa\",\"item\":\"https:\/\/www.albertekstil.com.tr\/\"},{\"@type\":\"ListItem\",\"position\":2,\"name\":\"OEKO-TEX\u00ae\"}]},{\"@type\":\"WebSite\",\"@id\":\"https:\/\/www.albertekstil.com.tr\/#website\",\"url\":\"https:\/\/www.albertekstil.com.tr\/\",\"name\":\"Denizli Alber Tekstil\",\"description\":\"\u00dcretimde m\u00fckemmellik ve yenilik\u00e7ilik\",\"publisher\":{\"@id\":\"https:\/\/www.albertekstil.com.tr\/#organization\"},\"potentialAction\":[{\"@type\":\"SearchAction\",\"target\":{\"@type\":\"EntryPoint\",\"urlTemplate\":\"https:\/\/www.albertekstil.com.tr\/?s={search_term_string}\"},\"query-input\":\"required name=search_term_string\"}],\"inLanguage\":\"tr\"},{\"@type\":\"Organization\",\"@id\":\"https:\/\/www.albertekstil.com.tr\/#organization\",\"name\":\"Denizli Alber Tekstil\",\"url\":\"https:\/\/www.albertekstil.com.tr\/\",\"logo\":{\"@type\":\"ImageObject\",\"inLanguage\":\"tr\",\"@id\":\"https:\/\/www.albertekstil.com.tr\/#\/schema\/logo\/image\/\",\"url\":\"https:\/\/www.albertekstil.com.tr\/wp-content\/uploads\/2022\/12\/387x141-Alber-Logo.png\",\"contentUrl\":\"https:\/\/www.albertekstil.com.tr\/wp-content\/uploads\/2022\/12\/387x141-Alber-Logo.png\",\"width\":387,\"height\":141,\"caption\":\"Denizli Alber Tekstil\"},\"image\":{\"@id\":\"https:\/\/www.albertekstil.com.tr\/#\/schema\/logo\/image\/\"},\"sameAs\":[\"https:\/\/www.instagram.com\/albertekstil\/\"]},{\"@type\":\"Person\",\"@id\":\"https:\/\/www.albertekstil.com.tr\/#\/schema\/person\/9d04a3d9a3a511a770f122ca7fa413e8\",\"name\":\"alb.ertek.\",\"image\":{\"@type\":\"ImageObject\",\"inLanguage\":\"tr\",\"@id\":\"https:\/\/www.albertekstil.com.tr\/#\/schema\/person\/image\/\",\"url\":\"https:\/\/secure.gravatar.com\/avatar\/c11e283c8041a9be8993bc12bafbcf6fdd379750011071147d2f3511fd8d9825?s=96&d=mm&r=g\",\"contentUrl\":\"https:\/\/secure.gravatar.com\/avatar\/c11e283c8041a9be8993bc12bafbcf6fdd379750011071147d2f3511fd8d9825?s=96&d=mm&r=g\",\"caption\":\"alb.ertek.\"},\"sameAs\":[\"https:\/\/www.albertekstil.com.tr\"]}]}<\/script>\n<!-- \/ Yoast SEO plugin. -->","yoast_head_json":{"title":"OEKO-TEX\u00ae - Denizli Alber Tekstil","robots":{"index":"noindex","follow":"follow"},"og_locale":"tr_TR","og_type":"article","og_title":"OEKO-TEX\u00ae - Denizli Alber Tekstil","og_description":"Denizli Alber Tekstil, \u00f6nc\u00fc bir tekstil \u00fcreticisi olarak \u00e7evre ve insan sa\u011fl\u0131\u011f\u0131na duyarl\u0131 \u00fcretim yapmak i\u00e7in OEKO-TEX\u00ae sertifikas\u0131na sahiptir. OEKO-TEX\u00ae sertifikas\u0131, \u00fcr\u00fcnlerimizin insan sa\u011fl\u0131\u011f\u0131na ve \u00e7evreye zarar vermeyecek \u015fekilde \u00fcretildi\u011fini garanti etmektedir.","og_url":"https:\/\/www.albertekstil.com.tr\/?p=283","og_site_name":"Denizli Alber Tekstil","article_published_time":"2023-01-20T14:03:21+00:00","article_modified_time":"2023-01-21T22:21:51+00:00","og_image":[{"width":1280,"height":813,"url":"https:\/\/www.albertekstil.com.tr\/wp-content\/uploads\/2023\/01\/Oeko-Tex.jpg","type":"image\/jpeg"}],"author":"alb.ertek.","twitter_card":"summary_large_image","twitter_misc":{"Yazan:":"alb.ertek.","Tahmini okuma s\u00fcresi":"1 dakika"},"schema":{"@context":"https:\/\/schema.org","@graph":[{"@type":"Article","@id":"https:\/\/www.albertekstil.com.tr\/?p=283#article","isPartOf":{"@id":"https:\/\/www.albertekstil.com.tr\/?p=283"},"author":{"name":"alb.ertek.","@id":"https:\/\/www.albertekstil.com.tr\/#\/schema\/person\/9d04a3d9a3a511a770f122ca7fa413e8"},"headline":"OEKO-TEX\u00ae","datePublished":"2023-01-20T14:03:21+00:00","dateModified":"2023-01-21T22:21:51+00:00","mainEntityOfPage":{"@id":"https:\/\/www.albertekstil.com.tr\/?p=283"},"wordCount":163,"publisher":{"@id":"https:\/\/www.albertekstil.com.tr\/#organization"},"articleSection":["Denizli Alber Tekstil"],"inLanguage":"tr"},{"@type":"WebPage","@id":"https:\/\/www.albertekstil.com.tr\/?p=283","url":"https:\/\/www.albertekstil.com.tr\/?p=283","name":"OEKO-TEX\u00ae - Denizli Alber Tekstil","isPartOf":{"@id":"https:\/\/www.albertekstil.com.tr\/#website"},"datePublished":"2023-01-20T14:03:21+00:00","dateModified":"2023-01-21T22:21:51+00:00","breadcrumb":{"@id":"https:\/\/www.albertekstil.com.tr\/?p=283#breadcrumb"},"inLanguage":"tr","potentialAction":[{"@type":"ReadAction","target":["https:\/\/www.albertekstil.com.tr\/?p=283"]}]},{"@type":"BreadcrumbList","@id":"https:\/\/www.albertekstil.com.tr\/?p=283#breadcrumb","itemListElement":[{"@type":"ListItem","position":1,"name":"Anasayfa","item":"https:\/\/www.albertekstil.com.tr\/"},{"@type":"ListItem","position":2,"name":"OEKO-TEX\u00ae"}]},{"@type":"WebSite","@id":"https:\/\/www.albertekstil.com.tr\/#website","url":"https:\/\/www.albertekstil.com.tr\/","name":"Denizli Alber Tekstil","description":"\u00dcretimde m\u00fckemmellik ve yenilik\u00e7ilik","publisher":{"@id":"https:\/\/www.albertekstil.com.tr\/#organization"},"potentialAction":[{"@type":"SearchAction","target":{"@type":"EntryPoint","urlTemplate":"https:\/\/www.albertekstil.com.tr\/?s={search_term_string}"},"query-input":"required name=search_term_string"}],"inLanguage":"tr"},{"@type":"Organization","@id":"https:\/\/www.albertekstil.com.tr\/#organization","name":"Denizli Alber Tekstil","url":"https:\/\/www.albertekstil.com.tr\/","logo":{"@type":"ImageObject","inLanguage":"tr","@id":"https:\/\/www.albertekstil.com.tr\/#\/schema\/logo\/image\/","url":"https:\/\/www.albertekstil.com.tr\/wp-content\/uploads\/2022\/12\/387x141-Alber-Logo.png","contentUrl":"https:\/\/www.albertekstil.com.tr\/wp-content\/uploads\/2022\/12\/387x141-Alber-Logo.png","width":387,"height":141,"caption":"Denizli Alber Tekstil"},"image":{"@id":"https:\/\/www.albertekstil.com.tr\/#\/schema\/logo\/image\/"},"sameAs":["https:\/\/www.instagram.com\/albertekstil\/"]},{"@type":"Person","@id":"https:\/\/www.albertekstil.com.tr\/#\/schema\/person\/9d04a3d9a3a511a770f122ca7fa413e8","name":"alb.ertek.","image":{"@type":"ImageObject","inLanguage":"tr","@id":"https:\/\/www.albertekstil.com.tr\/#\/schema\/person\/image\/","url":"https:\/\/secure.gravatar.com\/avatar\/c11e283c8041a9be8993bc12bafbcf6fdd379750011071147d2f3511fd8d9825?s=96&d=mm&r=g","contentUrl":"https:\/\/secure.gravatar.com\/avatar\/c11e283c8041a9be8993bc12bafbcf6fdd379750011071147d2f3511fd8d9825?s=96&d=mm&r=g","caption":"alb.ertek."},"sameAs":["https:\/\/www.albertekstil.com.tr"]}]}},"_links":{"self":[{"href":"https:\/\/www.albertekstil.com.tr\/index.php?rest_route=\/wp\/v2\/posts\/283","targetHints":{"allow":["GET"]}}],"collection":[{"href":"https:\/\/www.albertekstil.com.tr\/index.php?rest_route=\/wp\/v2\/posts"}],"about":[{"href":"https:\/\/www.albertekstil.com.tr\/index.php?rest_route=\/wp\/v2\/types\/post"}],"author":[{"embeddable":true,"href":"https:\/\/www.albertekstil.com.tr\/index.php?rest_route=\/wp\/v2\/users\/1"}],"replies":[{"embeddable":true,"href":"https:\/\/www.albertekstil.com.tr\/index.php?rest_route=%2Fwp%2Fv2%2Fcomments&post=283"}],"version-history":[{"count":3,"href":"https:\/\/www.albertekstil.com.tr\/index.php?rest_route=\/wp\/v2\/posts\/283\/revisions"}],"predecessor-version":[{"id":2029,"href":"https:\/\/www.albertekstil.com.tr\/index.php?rest_route=\/wp\/v2\/posts\/283\/revisions\/2029"}],"wp:featuredmedia":[{"embeddable":true,"href":"https:\/\/www.albertekstil.com.tr\/index.php?rest_route=\/wp\/v2\/media\/2066"}],"wp:attachment":[{"href":"https:\/\/www.albertekstil.com.tr\/index.php?rest_route=%2Fwp%2Fv2%2Fmedia&parent=283"}],"wp:term":[{"taxonomy":"category","embeddable":true,"href":"https:\/\/www.albertekstil.com.tr\/index.php?rest_route=%2Fwp%2Fv2%2Fcategories&post=283"},{"taxonomy":"post_tag","embeddable":true,"href":"https:\/\/www.albertekstil.com.tr\/index.php?rest_route=%2Fwp%2Fv2%2Ftags&post=283"}],"curies":[{"name":"wp","href":"https:\/\/api.w.org\/{rel}","templated":true}]}}