{"id":286,"date":"2023-01-20T18:02:25","date_gmt":"2023-01-20T15:02:25","guid":{"rendered":"https:\/\/the7.io\/yoga\/?p=286"},"modified":"2023-01-20T19:41:53","modified_gmt":"2023-01-20T16:41:53","slug":"kalite","status":"publish","type":"post","link":"https:\/\/www.albertekstil.com.tr\/?p=286","title":{"rendered":"Kalite"},"content":{"rendered":"<p>Kalite, bizim en \u00f6nemli de\u011ferlerimizden biridir. \u00dcr\u00fcnlerimizi y\u00fcksek kalite standartlar\u0131na g\u00f6re \u00fcretiyoruz ve m\u00fckemmel bir sonu\u00e7 elde etmek i\u00e7in her a\u015famada kalite kontrol\u00fc ger\u00e7ekle\u015ftiriyoruz. Hammaddelerimizi se\u00e7kin tedarik\u00e7ilerimizden temin ediyoruz ve kalite kontrol s\u00fcrecinde herhangi bir kusur veya eksiklik tespit edildi\u011finde, hammaddeyi reddediyoruz. M\u00fc\u015fterilerimize her zaman en iyisini sunmak i\u00e7in buraday\u0131z.<\/p>\n<p>\u00dcretim s\u00fcrecinde, t\u00fcm \u00e7al\u0131\u015fanlar\u0131m\u0131z\u0131n kalite konusunda e\u011fitimli ve bilin\u00e7li olmas\u0131n\u0131 sa\u011fl\u0131yoruz. Bu sayede, \u00fcretim s\u00fcrecinde herhangi bir hata veya kusurun \u00f6n\u00fcne ge\u00e7ebiliyoruz. \u00dcr\u00fcnlerimizi test ediyoruz ve kalite standartlar\u0131n\u0131 kar\u015f\u0131lamak i\u00e7in gerekli olan herhangi bir iyile\u015ftirmeyi yap\u0131yoruz.<\/p>\n<p>Son olarak, m\u00fc\u015fterilerimize sunaca\u011f\u0131m\u0131z \u00fcr\u00fcnlerin kalitesini garanti ediyoruz. \u00dcr\u00fcnlerimizi \u00fcretirken, m\u00fc\u015fteri memnuniyetini her zaman g\u00f6z \u00f6n\u00fcnde bulunduruyoruz ve m\u00fc\u015fteri geri bildirimlerini de\u011ferlendiriyoruz. Kalite konusunda s\u00f6z veriyoruz ve s\u00f6z\u00fcm\u00fcz\u00fc tutmak i\u00e7in \u00e7al\u0131\u015f\u0131yoruz.&#8221;<\/p>\n","protected":false},"excerpt":{"rendered":"<p>Kalite, bizim en \u00f6nemli de\u011ferlerimizden biridir. \u00dcr\u00fcnlerimizi y\u00fcksek kalite standartlar\u0131na g\u00f6re \u00fcretiyoruz ve m\u00fckemmel bir sonu\u00e7 elde etmek i\u00e7in her a\u015famada kalite kontrol\u00fc ger\u00e7ekle\u015ftiriyoruz. Hammaddelerimizi se\u00e7kin tedarik\u00e7ilerimizden temin ediyoruz ve kalite kontrol s\u00fcrecinde herhangi bir kusur veya eksiklik tespit edildi\u011finde, hammaddeyi reddediyoruz. M\u00fc\u015fterilerimize her zaman en iyisini sunmak i\u00e7in buraday\u0131z.<\/p>\n","protected":false},"author":1,"featured_media":1686,"comment_status":"closed","ping_status":"closed","sticky":false,"template":"","format":"standard","meta":{"footnotes":""},"categories":[71],"tags":[],"class_list":["post-286","post","type-post","status-publish","format-standard","has-post-thumbnail","hentry","category-denizli-alber-tekstil","category-71","description-off"],"yoast_head":"<!-- This site is optimized with the Yoast SEO plugin v19.14 - https:\/\/yoast.com\/wordpress\/plugins\/seo\/ -->\n<title>Kalite - Denizli Alber Tekstil<\/title>\n<meta name=\"robots\" content=\"noindex, follow\" \/>\n<meta property=\"og:locale\" content=\"tr_TR\" \/>\n<meta property=\"og:type\" content=\"article\" \/>\n<meta property=\"og:title\" content=\"Kalite - Denizli Alber Tekstil\" \/>\n<meta property=\"og:description\" content=\"Kalite, bizim en \u00f6nemli de\u011ferlerimizden biridir. \u00dcr\u00fcnlerimizi y\u00fcksek kalite standartlar\u0131na g\u00f6re \u00fcretiyoruz ve m\u00fckemmel bir sonu\u00e7 elde etmek i\u00e7in her a\u015famada kalite kontrol\u00fc ger\u00e7ekle\u015ftiriyoruz. Hammaddelerimizi se\u00e7kin tedarik\u00e7ilerimizden temin ediyoruz ve kalite kontrol s\u00fcrecinde herhangi bir kusur veya eksiklik tespit edildi\u011finde, hammaddeyi reddediyoruz. M\u00fc\u015fterilerimize her zaman en iyisini sunmak i\u00e7in buraday\u0131z.\" \/>\n<meta property=\"og:url\" content=\"https:\/\/www.albertekstil.com.tr\/?p=286\" \/>\n<meta property=\"og:site_name\" content=\"Denizli Alber Tekstil\" \/>\n<meta property=\"article:published_time\" content=\"2023-01-20T15:02:25+00:00\" \/>\n<meta property=\"article:modified_time\" content=\"2023-01-20T16:41:53+00:00\" \/>\n<meta property=\"og:image\" content=\"https:\/\/www.albertekstil.com.tr\/wp-content\/uploads\/2022\/12\/DSF9297-scaled.jpg\" \/>\n\t<meta property=\"og:image:width\" content=\"2560\" \/>\n\t<meta property=\"og:image:height\" content=\"1920\" \/>\n\t<meta property=\"og:image:type\" content=\"image\/jpeg\" \/>\n<meta name=\"author\" content=\"alb.ertek.\" \/>\n<meta name=\"twitter:card\" content=\"summary_large_image\" \/>\n<meta name=\"twitter:label1\" content=\"Yazan:\" \/>\n\t<meta name=\"twitter:data1\" content=\"alb.ertek.\" \/>\n\t<meta name=\"twitter:label2\" content=\"Tahmini okuma s\u00fcresi\" \/>\n\t<meta name=\"twitter:data2\" content=\"1 dakika\" \/>\n<script type=\"application\/ld+json\" class=\"yoast-schema-graph\">{\"@context\":\"https:\/\/schema.org\",\"@graph\":[{\"@type\":\"Article\",\"@id\":\"https:\/\/www.albertekstil.com.tr\/?p=286#article\",\"isPartOf\":{\"@id\":\"https:\/\/www.albertekstil.com.tr\/?p=286\"},\"author\":{\"name\":\"alb.ertek.\",\"@id\":\"https:\/\/www.albertekstil.com.tr\/#\/schema\/person\/9d04a3d9a3a511a770f122ca7fa413e8\"},\"headline\":\"Kalite\",\"datePublished\":\"2023-01-20T15:02:25+00:00\",\"dateModified\":\"2023-01-20T16:41:53+00:00\",\"mainEntityOfPage\":{\"@id\":\"https:\/\/www.albertekstil.com.tr\/?p=286\"},\"wordCount\":171,\"publisher\":{\"@id\":\"https:\/\/www.albertekstil.com.tr\/#organization\"},\"articleSection\":[\"Denizli Alber Tekstil\"],\"inLanguage\":\"tr\"},{\"@type\":\"WebPage\",\"@id\":\"https:\/\/www.albertekstil.com.tr\/?p=286\",\"url\":\"https:\/\/www.albertekstil.com.tr\/?p=286\",\"name\":\"Kalite - Denizli Alber Tekstil\",\"isPartOf\":{\"@id\":\"https:\/\/www.albertekstil.com.tr\/#website\"},\"datePublished\":\"2023-01-20T15:02:25+00:00\",\"dateModified\":\"2023-01-20T16:41:53+00:00\",\"breadcrumb\":{\"@id\":\"https:\/\/www.albertekstil.com.tr\/?p=286#breadcrumb\"},\"inLanguage\":\"tr\",\"potentialAction\":[{\"@type\":\"ReadAction\",\"target\":[\"https:\/\/www.albertekstil.com.tr\/?p=286\"]}]},{\"@type\":\"BreadcrumbList\",\"@id\":\"https:\/\/www.albertekstil.com.tr\/?p=286#breadcrumb\",\"itemListElement\":[{\"@type\":\"ListItem\",\"position\":1,\"name\":\"Anasayfa\",\"item\":\"https:\/\/www.albertekstil.com.tr\/\"},{\"@type\":\"ListItem\",\"position\":2,\"name\":\"Kalite\"}]},{\"@type\":\"WebSite\",\"@id\":\"https:\/\/www.albertekstil.com.tr\/#website\",\"url\":\"https:\/\/www.albertekstil.com.tr\/\",\"name\":\"Denizli Alber Tekstil\",\"description\":\"\u00dcretimde m\u00fckemmellik ve yenilik\u00e7ilik\",\"publisher\":{\"@id\":\"https:\/\/www.albertekstil.com.tr\/#organization\"},\"potentialAction\":[{\"@type\":\"SearchAction\",\"target\":{\"@type\":\"EntryPoint\",\"urlTemplate\":\"https:\/\/www.albertekstil.com.tr\/?s={search_term_string}\"},\"query-input\":\"required name=search_term_string\"}],\"inLanguage\":\"tr\"},{\"@type\":\"Organization\",\"@id\":\"https:\/\/www.albertekstil.com.tr\/#organization\",\"name\":\"Denizli Alber Tekstil\",\"url\":\"https:\/\/www.albertekstil.com.tr\/\",\"logo\":{\"@type\":\"ImageObject\",\"inLanguage\":\"tr\",\"@id\":\"https:\/\/www.albertekstil.com.tr\/#\/schema\/logo\/image\/\",\"url\":\"https:\/\/www.albertekstil.com.tr\/wp-content\/uploads\/2022\/12\/387x141-Alber-Logo.png\",\"contentUrl\":\"https:\/\/www.albertekstil.com.tr\/wp-content\/uploads\/2022\/12\/387x141-Alber-Logo.png\",\"width\":387,\"height\":141,\"caption\":\"Denizli Alber Tekstil\"},\"image\":{\"@id\":\"https:\/\/www.albertekstil.com.tr\/#\/schema\/logo\/image\/\"},\"sameAs\":[\"https:\/\/www.instagram.com\/albertekstil\/\"]},{\"@type\":\"Person\",\"@id\":\"https:\/\/www.albertekstil.com.tr\/#\/schema\/person\/9d04a3d9a3a511a770f122ca7fa413e8\",\"name\":\"alb.ertek.\",\"image\":{\"@type\":\"ImageObject\",\"inLanguage\":\"tr\",\"@id\":\"https:\/\/www.albertekstil.com.tr\/#\/schema\/person\/image\/\",\"url\":\"https:\/\/secure.gravatar.com\/avatar\/c11e283c8041a9be8993bc12bafbcf6fdd379750011071147d2f3511fd8d9825?s=96&d=mm&r=g\",\"contentUrl\":\"https:\/\/secure.gravatar.com\/avatar\/c11e283c8041a9be8993bc12bafbcf6fdd379750011071147d2f3511fd8d9825?s=96&d=mm&r=g\",\"caption\":\"alb.ertek.\"},\"sameAs\":[\"https:\/\/www.albertekstil.com.tr\"]}]}<\/script>\n<!-- \/ Yoast SEO plugin. -->","yoast_head_json":{"title":"Kalite - Denizli Alber Tekstil","robots":{"index":"noindex","follow":"follow"},"og_locale":"tr_TR","og_type":"article","og_title":"Kalite - Denizli Alber Tekstil","og_description":"Kalite, bizim en \u00f6nemli de\u011ferlerimizden biridir. \u00dcr\u00fcnlerimizi y\u00fcksek kalite standartlar\u0131na g\u00f6re \u00fcretiyoruz ve m\u00fckemmel bir sonu\u00e7 elde etmek i\u00e7in her a\u015famada kalite kontrol\u00fc ger\u00e7ekle\u015ftiriyoruz. Hammaddelerimizi se\u00e7kin tedarik\u00e7ilerimizden temin ediyoruz ve kalite kontrol s\u00fcrecinde herhangi bir kusur veya eksiklik tespit edildi\u011finde, hammaddeyi reddediyoruz. M\u00fc\u015fterilerimize her zaman en iyisini sunmak i\u00e7in buraday\u0131z.","og_url":"https:\/\/www.albertekstil.com.tr\/?p=286","og_site_name":"Denizli Alber Tekstil","article_published_time":"2023-01-20T15:02:25+00:00","article_modified_time":"2023-01-20T16:41:53+00:00","og_image":[{"width":2560,"height":1920,"url":"https:\/\/www.albertekstil.com.tr\/wp-content\/uploads\/2022\/12\/DSF9297-scaled.jpg","type":"image\/jpeg"}],"author":"alb.ertek.","twitter_card":"summary_large_image","twitter_misc":{"Yazan:":"alb.ertek.","Tahmini okuma s\u00fcresi":"1 dakika"},"schema":{"@context":"https:\/\/schema.org","@graph":[{"@type":"Article","@id":"https:\/\/www.albertekstil.com.tr\/?p=286#article","isPartOf":{"@id":"https:\/\/www.albertekstil.com.tr\/?p=286"},"author":{"name":"alb.ertek.","@id":"https:\/\/www.albertekstil.com.tr\/#\/schema\/person\/9d04a3d9a3a511a770f122ca7fa413e8"},"headline":"Kalite","datePublished":"2023-01-20T15:02:25+00:00","dateModified":"2023-01-20T16:41:53+00:00","mainEntityOfPage":{"@id":"https:\/\/www.albertekstil.com.tr\/?p=286"},"wordCount":171,"publisher":{"@id":"https:\/\/www.albertekstil.com.tr\/#organization"},"articleSection":["Denizli Alber Tekstil"],"inLanguage":"tr"},{"@type":"WebPage","@id":"https:\/\/www.albertekstil.com.tr\/?p=286","url":"https:\/\/www.albertekstil.com.tr\/?p=286","name":"Kalite - Denizli Alber Tekstil","isPartOf":{"@id":"https:\/\/www.albertekstil.com.tr\/#website"},"datePublished":"2023-01-20T15:02:25+00:00","dateModified":"2023-01-20T16:41:53+00:00","breadcrumb":{"@id":"https:\/\/www.albertekstil.com.tr\/?p=286#breadcrumb"},"inLanguage":"tr","potentialAction":[{"@type":"ReadAction","target":["https:\/\/www.albertekstil.com.tr\/?p=286"]}]},{"@type":"BreadcrumbList","@id":"https:\/\/www.albertekstil.com.tr\/?p=286#breadcrumb","itemListElement":[{"@type":"ListItem","position":1,"name":"Anasayfa","item":"https:\/\/www.albertekstil.com.tr\/"},{"@type":"ListItem","position":2,"name":"Kalite"}]},{"@type":"WebSite","@id":"https:\/\/www.albertekstil.com.tr\/#website","url":"https:\/\/www.albertekstil.com.tr\/","name":"Denizli Alber Tekstil","description":"\u00dcretimde m\u00fckemmellik ve yenilik\u00e7ilik","publisher":{"@id":"https:\/\/www.albertekstil.com.tr\/#organization"},"potentialAction":[{"@type":"SearchAction","target":{"@type":"EntryPoint","urlTemplate":"https:\/\/www.albertekstil.com.tr\/?s={search_term_string}"},"query-input":"required name=search_term_string"}],"inLanguage":"tr"},{"@type":"Organization","@id":"https:\/\/www.albertekstil.com.tr\/#organization","name":"Denizli Alber Tekstil","url":"https:\/\/www.albertekstil.com.tr\/","logo":{"@type":"ImageObject","inLanguage":"tr","@id":"https:\/\/www.albertekstil.com.tr\/#\/schema\/logo\/image\/","url":"https:\/\/www.albertekstil.com.tr\/wp-content\/uploads\/2022\/12\/387x141-Alber-Logo.png","contentUrl":"https:\/\/www.albertekstil.com.tr\/wp-content\/uploads\/2022\/12\/387x141-Alber-Logo.png","width":387,"height":141,"caption":"Denizli Alber Tekstil"},"image":{"@id":"https:\/\/www.albertekstil.com.tr\/#\/schema\/logo\/image\/"},"sameAs":["https:\/\/www.instagram.com\/albertekstil\/"]},{"@type":"Person","@id":"https:\/\/www.albertekstil.com.tr\/#\/schema\/person\/9d04a3d9a3a511a770f122ca7fa413e8","name":"alb.ertek.","image":{"@type":"ImageObject","inLanguage":"tr","@id":"https:\/\/www.albertekstil.com.tr\/#\/schema\/person\/image\/","url":"https:\/\/secure.gravatar.com\/avatar\/c11e283c8041a9be8993bc12bafbcf6fdd379750011071147d2f3511fd8d9825?s=96&d=mm&r=g","contentUrl":"https:\/\/secure.gravatar.com\/avatar\/c11e283c8041a9be8993bc12bafbcf6fdd379750011071147d2f3511fd8d9825?s=96&d=mm&r=g","caption":"alb.ertek."},"sameAs":["https:\/\/www.albertekstil.com.tr"]}]}},"_links":{"self":[{"href":"https:\/\/www.albertekstil.com.tr\/index.php?rest_route=\/wp\/v2\/posts\/286","targetHints":{"allow":["GET"]}}],"collection":[{"href":"https:\/\/www.albertekstil.com.tr\/index.php?rest_route=\/wp\/v2\/posts"}],"about":[{"href":"https:\/\/www.albertekstil.com.tr\/index.php?rest_route=\/wp\/v2\/types\/post"}],"author":[{"embeddable":true,"href":"https:\/\/www.albertekstil.com.tr\/index.php?rest_route=\/wp\/v2\/users\/1"}],"replies":[{"embeddable":true,"href":"https:\/\/www.albertekstil.com.tr\/index.php?rest_route=%2Fwp%2Fv2%2Fcomments&post=286"}],"version-history":[{"count":3,"href":"https:\/\/www.albertekstil.com.tr\/index.php?rest_route=\/wp\/v2\/posts\/286\/revisions"}],"predecessor-version":[{"id":2028,"href":"https:\/\/www.albertekstil.com.tr\/index.php?rest_route=\/wp\/v2\/posts\/286\/revisions\/2028"}],"wp:featuredmedia":[{"embeddable":true,"href":"https:\/\/www.albertekstil.com.tr\/index.php?rest_route=\/wp\/v2\/media\/1686"}],"wp:attachment":[{"href":"https:\/\/www.albertekstil.com.tr\/index.php?rest_route=%2Fwp%2Fv2%2Fmedia&parent=286"}],"wp:term":[{"taxonomy":"category","embeddable":true,"href":"https:\/\/www.albertekstil.com.tr\/index.php?rest_route=%2Fwp%2Fv2%2Fcategories&post=286"},{"taxonomy":"post_tag","embeddable":true,"href":"https:\/\/www.albertekstil.com.tr\/index.php?rest_route=%2Fwp%2Fv2%2Ftags&post=286"}],"curies":[{"name":"wp","href":"https:\/\/api.w.org\/{rel}","templated":true}]}}