{"id":292,"date":"2023-01-20T18:00:30","date_gmt":"2023-01-20T15:00:30","guid":{"rendered":"https:\/\/the7.io\/yoga\/?p=292"},"modified":"2023-01-20T19:41:08","modified_gmt":"2023-01-20T16:41:08","slug":"pamuk-dokusu","status":"publish","type":"post","link":"https:\/\/www.albertekstil.com.tr\/?p=292","title":{"rendered":"Pamuk Dokusu"},"content":{"rendered":"<p>\u00dcr\u00fcnlerimiz se\u00e7kin pamuk ipliklerinden \u00f6r\u00fclm\u00fc\u015f veya dokunmu\u015ftur. En kaliteli ipliklerden \u00fcretilen \u00fcr\u00fcnlerimiz her kullan\u0131mdan sonra daha da yumu\u015fak ve ferah hale gelir. Cildinize m\u00fckemmel bir dokunu\u015f sa\u011flar. M\u00fc\u015fterilerimizin konforu i\u00e7in en iyi hammadde ve en yeni makinelerle \u00fcretim yap\u0131yoruz.<\/p>\n","protected":false},"excerpt":{"rendered":"<p>\u00dcr\u00fcnlerimiz se\u00e7kin pamuk ipliklerinden \u00f6r\u00fclm\u00fc\u015f veya dokunmu\u015ftur. En kaliteli ipliklerden \u00fcretilen \u00fcr\u00fcnlerimiz her kullan\u0131mdan sonra daha da yumu\u015fak ve ferah hale gelir. Cildinize m\u00fckemmel bir dokunu\u015f sa\u011flar. M\u00fc\u015fterilerimizin konforu i\u00e7in en iyi hammadde ve en yeni makinelerle \u00fcretim yap\u0131yoruz.<\/p>\n","protected":false},"author":1,"featured_media":1663,"comment_status":"closed","ping_status":"closed","sticky":false,"template":"","format":"standard","meta":{"footnotes":""},"categories":[71],"tags":[],"class_list":["post-292","post","type-post","status-publish","format-standard","has-post-thumbnail","hentry","category-denizli-alber-tekstil","category-71","description-off"],"yoast_head":"<!-- This site is optimized with the Yoast SEO plugin v19.14 - https:\/\/yoast.com\/wordpress\/plugins\/seo\/ -->\n<title>Pamuk Dokusu - Denizli Alber Tekstil<\/title>\n<meta name=\"robots\" content=\"noindex, follow\" \/>\n<meta property=\"og:locale\" content=\"tr_TR\" \/>\n<meta property=\"og:type\" content=\"article\" \/>\n<meta property=\"og:title\" content=\"Pamuk Dokusu - Denizli Alber Tekstil\" \/>\n<meta property=\"og:description\" content=\"\u00dcr\u00fcnlerimiz se\u00e7kin pamuk ipliklerinden \u00f6r\u00fclm\u00fc\u015f veya dokunmu\u015ftur. En kaliteli ipliklerden \u00fcretilen \u00fcr\u00fcnlerimiz her kullan\u0131mdan sonra daha da yumu\u015fak ve ferah hale gelir. Cildinize m\u00fckemmel bir dokunu\u015f sa\u011flar. M\u00fc\u015fterilerimizin konforu i\u00e7in en iyi hammadde ve en yeni makinelerle \u00fcretim yap\u0131yoruz.\" \/>\n<meta property=\"og:url\" content=\"https:\/\/www.albertekstil.com.tr\/?p=292\" \/>\n<meta property=\"og:site_name\" content=\"Denizli Alber Tekstil\" \/>\n<meta property=\"article:published_time\" content=\"2023-01-20T15:00:30+00:00\" \/>\n<meta property=\"article:modified_time\" content=\"2023-01-20T16:41:08+00:00\" \/>\n<meta property=\"og:image\" content=\"https:\/\/www.albertekstil.com.tr\/wp-content\/uploads\/2022\/12\/Alber-Pamuk-2.jpg\" \/>\n\t<meta property=\"og:image:width\" content=\"1080\" \/>\n\t<meta property=\"og:image:height\" content=\"1080\" \/>\n\t<meta property=\"og:image:type\" content=\"image\/jpeg\" \/>\n<meta name=\"author\" content=\"alb.ertek.\" \/>\n<meta name=\"twitter:card\" content=\"summary_large_image\" \/>\n<meta name=\"twitter:label1\" content=\"Yazan:\" \/>\n\t<meta name=\"twitter:data1\" content=\"alb.ertek.\" \/>\n<script type=\"application\/ld+json\" class=\"yoast-schema-graph\">{\"@context\":\"https:\/\/schema.org\",\"@graph\":[{\"@type\":\"Article\",\"@id\":\"https:\/\/www.albertekstil.com.tr\/?p=292#article\",\"isPartOf\":{\"@id\":\"https:\/\/www.albertekstil.com.tr\/?p=292\"},\"author\":{\"name\":\"alb.ertek.\",\"@id\":\"https:\/\/www.albertekstil.com.tr\/#\/schema\/person\/9d04a3d9a3a511a770f122ca7fa413e8\"},\"headline\":\"Pamuk Dokusu\",\"datePublished\":\"2023-01-20T15:00:30+00:00\",\"dateModified\":\"2023-01-20T16:41:08+00:00\",\"mainEntityOfPage\":{\"@id\":\"https:\/\/www.albertekstil.com.tr\/?p=292\"},\"wordCount\":53,\"publisher\":{\"@id\":\"https:\/\/www.albertekstil.com.tr\/#organization\"},\"articleSection\":[\"Denizli Alber Tekstil\"],\"inLanguage\":\"tr\"},{\"@type\":\"WebPage\",\"@id\":\"https:\/\/www.albertekstil.com.tr\/?p=292\",\"url\":\"https:\/\/www.albertekstil.com.tr\/?p=292\",\"name\":\"Pamuk Dokusu - Denizli Alber Tekstil\",\"isPartOf\":{\"@id\":\"https:\/\/www.albertekstil.com.tr\/#website\"},\"datePublished\":\"2023-01-20T15:00:30+00:00\",\"dateModified\":\"2023-01-20T16:41:08+00:00\",\"breadcrumb\":{\"@id\":\"https:\/\/www.albertekstil.com.tr\/?p=292#breadcrumb\"},\"inLanguage\":\"tr\",\"potentialAction\":[{\"@type\":\"ReadAction\",\"target\":[\"https:\/\/www.albertekstil.com.tr\/?p=292\"]}]},{\"@type\":\"BreadcrumbList\",\"@id\":\"https:\/\/www.albertekstil.com.tr\/?p=292#breadcrumb\",\"itemListElement\":[{\"@type\":\"ListItem\",\"position\":1,\"name\":\"Anasayfa\",\"item\":\"https:\/\/www.albertekstil.com.tr\/\"},{\"@type\":\"ListItem\",\"position\":2,\"name\":\"Pamuk Dokusu\"}]},{\"@type\":\"WebSite\",\"@id\":\"https:\/\/www.albertekstil.com.tr\/#website\",\"url\":\"https:\/\/www.albertekstil.com.tr\/\",\"name\":\"Denizli Alber Tekstil\",\"description\":\"\u00dcretimde m\u00fckemmellik ve yenilik\u00e7ilik\",\"publisher\":{\"@id\":\"https:\/\/www.albertekstil.com.tr\/#organization\"},\"potentialAction\":[{\"@type\":\"SearchAction\",\"target\":{\"@type\":\"EntryPoint\",\"urlTemplate\":\"https:\/\/www.albertekstil.com.tr\/?s={search_term_string}\"},\"query-input\":\"required name=search_term_string\"}],\"inLanguage\":\"tr\"},{\"@type\":\"Organization\",\"@id\":\"https:\/\/www.albertekstil.com.tr\/#organization\",\"name\":\"Denizli Alber Tekstil\",\"url\":\"https:\/\/www.albertekstil.com.tr\/\",\"logo\":{\"@type\":\"ImageObject\",\"inLanguage\":\"tr\",\"@id\":\"https:\/\/www.albertekstil.com.tr\/#\/schema\/logo\/image\/\",\"url\":\"https:\/\/www.albertekstil.com.tr\/wp-content\/uploads\/2022\/12\/387x141-Alber-Logo.png\",\"contentUrl\":\"https:\/\/www.albertekstil.com.tr\/wp-content\/uploads\/2022\/12\/387x141-Alber-Logo.png\",\"width\":387,\"height\":141,\"caption\":\"Denizli Alber Tekstil\"},\"image\":{\"@id\":\"https:\/\/www.albertekstil.com.tr\/#\/schema\/logo\/image\/\"},\"sameAs\":[\"https:\/\/www.instagram.com\/albertekstil\/\"]},{\"@type\":\"Person\",\"@id\":\"https:\/\/www.albertekstil.com.tr\/#\/schema\/person\/9d04a3d9a3a511a770f122ca7fa413e8\",\"name\":\"alb.ertek.\",\"image\":{\"@type\":\"ImageObject\",\"inLanguage\":\"tr\",\"@id\":\"https:\/\/www.albertekstil.com.tr\/#\/schema\/person\/image\/\",\"url\":\"https:\/\/secure.gravatar.com\/avatar\/c11e283c8041a9be8993bc12bafbcf6fdd379750011071147d2f3511fd8d9825?s=96&d=mm&r=g\",\"contentUrl\":\"https:\/\/secure.gravatar.com\/avatar\/c11e283c8041a9be8993bc12bafbcf6fdd379750011071147d2f3511fd8d9825?s=96&d=mm&r=g\",\"caption\":\"alb.ertek.\"},\"sameAs\":[\"https:\/\/www.albertekstil.com.tr\"]}]}<\/script>\n<!-- \/ Yoast SEO plugin. -->","yoast_head_json":{"title":"Pamuk Dokusu - Denizli Alber Tekstil","robots":{"index":"noindex","follow":"follow"},"og_locale":"tr_TR","og_type":"article","og_title":"Pamuk Dokusu - Denizli Alber Tekstil","og_description":"\u00dcr\u00fcnlerimiz se\u00e7kin pamuk ipliklerinden \u00f6r\u00fclm\u00fc\u015f veya dokunmu\u015ftur. En kaliteli ipliklerden \u00fcretilen \u00fcr\u00fcnlerimiz her kullan\u0131mdan sonra daha da yumu\u015fak ve ferah hale gelir. Cildinize m\u00fckemmel bir dokunu\u015f sa\u011flar. M\u00fc\u015fterilerimizin konforu i\u00e7in en iyi hammadde ve en yeni makinelerle \u00fcretim yap\u0131yoruz.","og_url":"https:\/\/www.albertekstil.com.tr\/?p=292","og_site_name":"Denizli Alber Tekstil","article_published_time":"2023-01-20T15:00:30+00:00","article_modified_time":"2023-01-20T16:41:08+00:00","og_image":[{"width":1080,"height":1080,"url":"https:\/\/www.albertekstil.com.tr\/wp-content\/uploads\/2022\/12\/Alber-Pamuk-2.jpg","type":"image\/jpeg"}],"author":"alb.ertek.","twitter_card":"summary_large_image","twitter_misc":{"Yazan:":"alb.ertek."},"schema":{"@context":"https:\/\/schema.org","@graph":[{"@type":"Article","@id":"https:\/\/www.albertekstil.com.tr\/?p=292#article","isPartOf":{"@id":"https:\/\/www.albertekstil.com.tr\/?p=292"},"author":{"name":"alb.ertek.","@id":"https:\/\/www.albertekstil.com.tr\/#\/schema\/person\/9d04a3d9a3a511a770f122ca7fa413e8"},"headline":"Pamuk Dokusu","datePublished":"2023-01-20T15:00:30+00:00","dateModified":"2023-01-20T16:41:08+00:00","mainEntityOfPage":{"@id":"https:\/\/www.albertekstil.com.tr\/?p=292"},"wordCount":53,"publisher":{"@id":"https:\/\/www.albertekstil.com.tr\/#organization"},"articleSection":["Denizli Alber Tekstil"],"inLanguage":"tr"},{"@type":"WebPage","@id":"https:\/\/www.albertekstil.com.tr\/?p=292","url":"https:\/\/www.albertekstil.com.tr\/?p=292","name":"Pamuk Dokusu - Denizli Alber Tekstil","isPartOf":{"@id":"https:\/\/www.albertekstil.com.tr\/#website"},"datePublished":"2023-01-20T15:00:30+00:00","dateModified":"2023-01-20T16:41:08+00:00","breadcrumb":{"@id":"https:\/\/www.albertekstil.com.tr\/?p=292#breadcrumb"},"inLanguage":"tr","potentialAction":[{"@type":"ReadAction","target":["https:\/\/www.albertekstil.com.tr\/?p=292"]}]},{"@type":"BreadcrumbList","@id":"https:\/\/www.albertekstil.com.tr\/?p=292#breadcrumb","itemListElement":[{"@type":"ListItem","position":1,"name":"Anasayfa","item":"https:\/\/www.albertekstil.com.tr\/"},{"@type":"ListItem","position":2,"name":"Pamuk Dokusu"}]},{"@type":"WebSite","@id":"https:\/\/www.albertekstil.com.tr\/#website","url":"https:\/\/www.albertekstil.com.tr\/","name":"Denizli Alber Tekstil","description":"\u00dcretimde m\u00fckemmellik ve yenilik\u00e7ilik","publisher":{"@id":"https:\/\/www.albertekstil.com.tr\/#organization"},"potentialAction":[{"@type":"SearchAction","target":{"@type":"EntryPoint","urlTemplate":"https:\/\/www.albertekstil.com.tr\/?s={search_term_string}"},"query-input":"required name=search_term_string"}],"inLanguage":"tr"},{"@type":"Organization","@id":"https:\/\/www.albertekstil.com.tr\/#organization","name":"Denizli Alber Tekstil","url":"https:\/\/www.albertekstil.com.tr\/","logo":{"@type":"ImageObject","inLanguage":"tr","@id":"https:\/\/www.albertekstil.com.tr\/#\/schema\/logo\/image\/","url":"https:\/\/www.albertekstil.com.tr\/wp-content\/uploads\/2022\/12\/387x141-Alber-Logo.png","contentUrl":"https:\/\/www.albertekstil.com.tr\/wp-content\/uploads\/2022\/12\/387x141-Alber-Logo.png","width":387,"height":141,"caption":"Denizli Alber Tekstil"},"image":{"@id":"https:\/\/www.albertekstil.com.tr\/#\/schema\/logo\/image\/"},"sameAs":["https:\/\/www.instagram.com\/albertekstil\/"]},{"@type":"Person","@id":"https:\/\/www.albertekstil.com.tr\/#\/schema\/person\/9d04a3d9a3a511a770f122ca7fa413e8","name":"alb.ertek.","image":{"@type":"ImageObject","inLanguage":"tr","@id":"https:\/\/www.albertekstil.com.tr\/#\/schema\/person\/image\/","url":"https:\/\/secure.gravatar.com\/avatar\/c11e283c8041a9be8993bc12bafbcf6fdd379750011071147d2f3511fd8d9825?s=96&d=mm&r=g","contentUrl":"https:\/\/secure.gravatar.com\/avatar\/c11e283c8041a9be8993bc12bafbcf6fdd379750011071147d2f3511fd8d9825?s=96&d=mm&r=g","caption":"alb.ertek."},"sameAs":["https:\/\/www.albertekstil.com.tr"]}]}},"_links":{"self":[{"href":"https:\/\/www.albertekstil.com.tr\/index.php?rest_route=\/wp\/v2\/posts\/292","targetHints":{"allow":["GET"]}}],"collection":[{"href":"https:\/\/www.albertekstil.com.tr\/index.php?rest_route=\/wp\/v2\/posts"}],"about":[{"href":"https:\/\/www.albertekstil.com.tr\/index.php?rest_route=\/wp\/v2\/types\/post"}],"author":[{"embeddable":true,"href":"https:\/\/www.albertekstil.com.tr\/index.php?rest_route=\/wp\/v2\/users\/1"}],"replies":[{"embeddable":true,"href":"https:\/\/www.albertekstil.com.tr\/index.php?rest_route=%2Fwp%2Fv2%2Fcomments&post=292"}],"version-history":[{"count":5,"href":"https:\/\/www.albertekstil.com.tr\/index.php?rest_route=\/wp\/v2\/posts\/292\/revisions"}],"predecessor-version":[{"id":2052,"href":"https:\/\/www.albertekstil.com.tr\/index.php?rest_route=\/wp\/v2\/posts\/292\/revisions\/2052"}],"wp:featuredmedia":[{"embeddable":true,"href":"https:\/\/www.albertekstil.com.tr\/index.php?rest_route=\/wp\/v2\/media\/1663"}],"wp:attachment":[{"href":"https:\/\/www.albertekstil.com.tr\/index.php?rest_route=%2Fwp%2Fv2%2Fmedia&parent=292"}],"wp:term":[{"taxonomy":"category","embeddable":true,"href":"https:\/\/www.albertekstil.com.tr\/index.php?rest_route=%2Fwp%2Fv2%2Fcategories&post=292"},{"taxonomy":"post_tag","embeddable":true,"href":"https:\/\/www.albertekstil.com.tr\/index.php?rest_route=%2Fwp%2Fv2%2Ftags&post=292"}],"curies":[{"name":"wp","href":"https:\/\/api.w.org\/{rel}","templated":true}]}}